
{"id":935,"date":"2025-06-12T15:24:01","date_gmt":"2025-06-12T15:24:01","guid":{"rendered":"https:\/\/educazionesostenibile.it\/?p=935"},"modified":"2025-06-12T15:24:02","modified_gmt":"2025-06-12T15:24:02","slug":"lezioni-di-pedagogia-un-approccio-protopico-alla-pedagogia-della-cura","status":"publish","type":"post","link":"https:\/\/educazionesostenibile.it\/en\/articoli\/lezioni-di-pedagogia-un-approccio-protopico-alla-pedagogia-della-cura\/","title":{"rendered":"Lezioni di pedagogia, un approccio protopico alla pedagogia della cura"},"content":{"rendered":"\n<p><em>Lezioni di Pedagogia<\/em>\u00a0\u00e8 una nuova rubrica che tratter\u00e0 diversi temi che vogliono essere formativi per sensibilizzare su argomenti che riguardano l\u2019essere umano in tutte le sue fasce di et\u00e0. Sono\u00a0<strong>conversazioni di Tiziana Carena con la pedagogista Luisa Piarulli<\/strong>, della quale sono apparsi in \u201c.eco\u201d (edizione a stampa e online) diversi interventi e recensioni di suoi lavori.\u00a0<\/p>\n\n\n\n<p><em>Questi primi interventi riguardano non solo l\u2019et\u00e0 della vecchiaia di cui Luisa Piarulli si \u00e8 occupata nel suo ultimo libro Il talento di vivere la vecchiaia. Pedagogia per un nuovo umanesimo esistenziale, ma sono una sorta di introduzione per una teorizzazione pedagogica. Si tratteranno l\u2019utopia pedagogica, e, in questo primo intervento, anche il talento e la creativit\u00e0 nell\u2019et\u00e0 della vecchiaia, non soltanto l\u2019et\u00e0 del tramonto. Per promuovere una \u201crivoluzione culturale\u201d: non vedere l\u2019et\u00e0 della senescenza come declino, ma abbattere stereotipi e pregiudizi partendo dall\u2019idea che ogni et\u00e0 \u00e8 un valore in s\u00e9 nelle sue diverse fasi.<\/em><\/p>\n\n\n\n<div class=\"wp-block-buttons is-layout-flex wp-block-buttons-is-layout-flex\">\n<div class=\"wp-block-button\"><a class=\"wp-block-button__link wp-element-button\" href=\"https:\/\/rivistaeco.it\/lezioni-di-pedagogia-approccio-alla-cura\/\">Leggi l&#8217;articolo completo<\/a><\/div>\n<\/div>\n","protected":false},"excerpt":{"rendered":"<p>\u201cLezioni di pedagogia\u201d affronta, con cadenza mensile di temi dell\u2019educazione. Dall\u2019infanzia all\u2019invecchiamento attivo, dall\u2019intelligenza artificiale alla creativit\u00e0 umana, con fiducia e ottimismo le sfide della vita da affrontare con un approccio educativo, un tutte le fasce di et\u00e0.<\/p>\n","protected":false},"author":6,"featured_media":936,"comment_status":"open","ping_status":"open","sticky":false,"template":"","format":"standard","meta":{"inline_featured_image":false,"footnotes":""},"categories":[12],"tags":[],"class_list":["post-935","post","type-post","status-publish","format-standard","has-post-thumbnail","hentry","category-news"],"_links":{"self":[{"href":"https:\/\/educazionesostenibile.it\/en\/wp-json\/wp\/v2\/posts\/935","targetHints":{"allow":["GET"]}}],"collection":[{"href":"https:\/\/educazionesostenibile.it\/en\/wp-json\/wp\/v2\/posts"}],"about":[{"href":"https:\/\/educazionesostenibile.it\/en\/wp-json\/wp\/v2\/types\/post"}],"author":[{"embeddable":true,"href":"https:\/\/educazionesostenibile.it\/en\/wp-json\/wp\/v2\/users\/6"}],"replies":[{"embeddable":true,"href":"https:\/\/educazionesostenibile.it\/en\/wp-json\/wp\/v2\/comments?post=935"}],"version-history":[{"count":1,"href":"https:\/\/educazionesostenibile.it\/en\/wp-json\/wp\/v2\/posts\/935\/revisions"}],"predecessor-version":[{"id":937,"href":"https:\/\/educazionesostenibile.it\/en\/wp-json\/wp\/v2\/posts\/935\/revisions\/937"}],"wp:featuredmedia":[{"embeddable":true,"href":"https:\/\/educazionesostenibile.it\/en\/wp-json\/wp\/v2\/media\/936"}],"wp:attachment":[{"href":"https:\/\/educazionesostenibile.it\/en\/wp-json\/wp\/v2\/media?parent=935"}],"wp:term":[{"taxonomy":"category","embeddable":true,"href":"https:\/\/educazionesostenibile.it\/en\/wp-json\/wp\/v2\/categories?post=935"},{"taxonomy":"post_tag","embeddable":true,"href":"https:\/\/educazionesostenibile.it\/en\/wp-json\/wp\/v2\/tags?post=935"}],"curies":[{"name":"wp","href":"https:\/\/api.w.org\/{rel}","templated":true}]}}