
{"id":941,"date":"2025-06-12T15:28:54","date_gmt":"2025-06-12T15:28:54","guid":{"rendered":"https:\/\/educazionesostenibile.it\/?p=941"},"modified":"2025-06-12T15:28:55","modified_gmt":"2025-06-12T15:28:55","slug":"il-cambiamento-climatico-come-acceleratore-di-crisi-un-viaggio-tra-gli-ecosistemi-del-mediterraneo","status":"publish","type":"post","link":"https:\/\/educazionesostenibile.it\/en\/articoli\/il-cambiamento-climatico-come-acceleratore-di-crisi-un-viaggio-tra-gli-ecosistemi-del-mediterraneo\/","title":{"rendered":"Il cambiamento climatico come acceleratore di crisi: un viaggio tra gli ecosistemi del mediterraneo\u00a0"},"content":{"rendered":"\n<p>Da mercoled\u00ec 26 a domenica 30 marzo 2025, si \u00e8 svolta a Torino la nona edizione di Biennale Democrazia, con incontri e appuntamenti che si sono svolti in diverse sedi per promuovere una cultura democratica capace di tradursi in buone pratiche comunitarie.<\/p>\n\n\n\n<p>Tra i molti temi affrontati, il rapporto tra l\u2019essere umano e la natura \u00e8 stato al centro di diversi eventi organizzati dalla Biennale. La redazione di \u201c.eco\u201d ha avuto l\u2019opportunit\u00e0 di seguirne alcuni. Il Mediterraneo,&nbsp;<em>Mare nostrum<\/em>&nbsp;di tutti i popoli che si affacciano su questo mare semichiuso, che riceve influssi dallo stretto di Gibilterra e dal Canale di Suez (aperto solo nel 1869), sta attraversando un periodo di crisi e di trasformazioni, per effetto del surriscaldamento globale e delle attivit\u00e0 antropiche del sistema capitalista.&nbsp;<\/p>\n\n\n\n<figure class=\"wp-block-image size-large\"><img fetchpriority=\"high\" decoding=\"async\" width=\"1024\" height=\"683\" src=\"https:\/\/educazionesostenibile.it\/wp-content\/uploads\/2025\/06\/DSC_9201-2-2048x1365-1-1024x683.jpg\" alt=\"\" class=\"wp-image-943\" srcset=\"https:\/\/educazionesostenibile.it\/wp-content\/uploads\/2025\/06\/DSC_9201-2-2048x1365-1-1024x683.jpg 1024w, https:\/\/educazionesostenibile.it\/wp-content\/uploads\/2025\/06\/DSC_9201-2-2048x1365-1-600x400.jpg 600w, https:\/\/educazionesostenibile.it\/wp-content\/uploads\/2025\/06\/DSC_9201-2-2048x1365-1-300x200.jpg 300w, https:\/\/educazionesostenibile.it\/wp-content\/uploads\/2025\/06\/DSC_9201-2-2048x1365-1-768x512.jpg 768w, https:\/\/educazionesostenibile.it\/wp-content\/uploads\/2025\/06\/DSC_9201-2-2048x1365-1-1536x1024.jpg 1536w, https:\/\/educazionesostenibile.it\/wp-content\/uploads\/2025\/06\/DSC_9201-2-2048x1365-1-624x416.jpg 624w, https:\/\/educazionesostenibile.it\/wp-content\/uploads\/2025\/06\/DSC_9201-2-2048x1365-1.jpg 2048w\" sizes=\"(max-width: 1024px) 100vw, 1024px\" \/><figcaption class=\"wp-element-caption\"><em>Stefano Liberti durante l\u2019evento Tropico Mediterraneo, foto di Angelo Mineo.<\/em><\/figcaption><\/figure>\n\n\n\n<p>Nell\u2019evento \u2018<a href=\"https:\/\/biennaledemocrazia.it\/evento\/tropico-mediterraneo\/\" target=\"_blank\" rel=\"noreferrer noopener\">Tropico mediterraneo<\/a>\u2019 , Stefano Liberti racconta un viaggio per parole e immagini tra le isole e le coste del Mediterraneo. Dalle coste del Mar Menor (un\u2019enorme laguna salata nel Sud della Spagna) alle complesse realt\u00e0 politiche delle citt\u00e0 cipriote, passando dalle isole Kerkennah per arrivare al canale di Suez; \u00e8 da questo canale, ampliato nel 2015, che entra la quasi totalit\u00e0 delle specie aliene presenti oggi nel mar Mediterraneo. Un caleidoscopio marino, che ci ricorda la necessit\u00e0 di tutelare il \u00abbene comune\u00bb mediterraneo.<\/p>\n\n\n\n<div class=\"wp-block-buttons is-layout-flex wp-block-buttons-is-layout-flex\">\n<div class=\"wp-block-button\"><a class=\"wp-block-button__link wp-element-button\" href=\"https:\/\/rivistaeco.it\/crisi-cambiamento-climatico-biennale-democrazia\/\">Leggi l&#8217;articolo completo<\/a><\/div>\n<\/div>\n\n\n\n<p><\/p>\n","protected":false},"excerpt":{"rendered":"<p>Dalle isole Kerkennah al Mar Menor, Stefano Liberti racconta storie di resistenza e di adattamento, ma anche azioni collettive che partono dal basso per la tutela dell\u2019ambiente.<\/p>\n","protected":false},"author":6,"featured_media":942,"comment_status":"open","ping_status":"open","sticky":false,"template":"","format":"standard","meta":{"inline_featured_image":false,"footnotes":""},"categories":[12],"tags":[],"class_list":["post-941","post","type-post","status-publish","format-standard","has-post-thumbnail","hentry","category-news"],"_links":{"self":[{"href":"https:\/\/educazionesostenibile.it\/en\/wp-json\/wp\/v2\/posts\/941","targetHints":{"allow":["GET"]}}],"collection":[{"href":"https:\/\/educazionesostenibile.it\/en\/wp-json\/wp\/v2\/posts"}],"about":[{"href":"https:\/\/educazionesostenibile.it\/en\/wp-json\/wp\/v2\/types\/post"}],"author":[{"embeddable":true,"href":"https:\/\/educazionesostenibile.it\/en\/wp-json\/wp\/v2\/users\/6"}],"replies":[{"embeddable":true,"href":"https:\/\/educazionesostenibile.it\/en\/wp-json\/wp\/v2\/comments?post=941"}],"version-history":[{"count":1,"href":"https:\/\/educazionesostenibile.it\/en\/wp-json\/wp\/v2\/posts\/941\/revisions"}],"predecessor-version":[{"id":944,"href":"https:\/\/educazionesostenibile.it\/en\/wp-json\/wp\/v2\/posts\/941\/revisions\/944"}],"wp:featuredmedia":[{"embeddable":true,"href":"https:\/\/educazionesostenibile.it\/en\/wp-json\/wp\/v2\/media\/942"}],"wp:attachment":[{"href":"https:\/\/educazionesostenibile.it\/en\/wp-json\/wp\/v2\/media?parent=941"}],"wp:term":[{"taxonomy":"category","embeddable":true,"href":"https:\/\/educazionesostenibile.it\/en\/wp-json\/wp\/v2\/categories?post=941"},{"taxonomy":"post_tag","embeddable":true,"href":"https:\/\/educazionesostenibile.it\/en\/wp-json\/wp\/v2\/tags?post=941"}],"curies":[{"name":"wp","href":"https:\/\/api.w.org\/{rel}","templated":true}]}}